{"id":1686,"date":"2019-10-30T11:43:01","date_gmt":"2019-10-30T09:43:01","guid":{"rendered":"https:\/\/www.mehlkammer.de\/mehlkammer\/?p=1686"},"modified":"2019-10-30T11:46:12","modified_gmt":"2019-10-30T09:46:12","slug":"runde-sache-fuenf-gaenge-menue-2","status":"publish","type":"post","link":"https:\/\/www.mehlkammer.de\/mehlkammer\/neuigkeiten\/runde-sache-fuenf-gaenge-menue-2\/","title":{"rendered":"Runde Sache! \u2013 F\u00fcnf-G\u00e4nge-Men\u00fc"},"content":{"rendered":"<h3><\/h3>\n<h3><a href=\"http:\/\/www.rt106.de\" target=\"_blank\" rel=\"noopener\"><img loading=\"lazy\" class=\"alignright wp-image-839 size-thumbnail\" src=\"https:\/\/www.mehlkammer.de\/mehlkammer\/wp-content\/uploads\/2014\/10\/rt-150x150.png\" alt=\"rt\" width=\"150\" height=\"150\" \/><\/a><\/h3>\n<h3><strong><span style=\"color: #ad1100;\">Genie\u00dfen f\u00fcr den guten Zweck<\/span><br \/>\n<\/strong><\/h3>\n<p>Genie\u00dfen Sie am <strong>Freitag, den 24. Januar 2020 um 18 Uhr oder am Samstag, den 25. Januar 2020 um 18 Uhr<\/strong> ein exklusives F\u00fcnf-G\u00e4nge-Men\u00fc in unserem Hofcaf\u00e9 &amp; Restaurant Mehlkammer und tun Sie Gutes dabei: Die Erl\u00f6se der Veranstaltung werden u.a. f\u00fcr die Versch\u00f6nerung lokaler Kinderspielpl\u00e4tze und f\u00fcr soziale Projekte hier bei uns in der Region verwendet.<\/p>\n<h4><strong><a href=\"https:\/\/www.mehlkammer.de\/mehlkammer\/events\/\">&gt;&gt; Mehr Details finden Sie hier &lt;&lt;<\/a><\/strong><\/h4>\n<p>&nbsp;<\/p>\n","protected":false},"excerpt":{"rendered":"<p>Genie\u00dfen f\u00fcr den guten Zweck Genie\u00dfen Sie am Freitag, den 24. Januar 2020 um 18 Uhr oder am Samstag, den 25. Januar 2020 um 18 Uhr ein exklusives F\u00fcnf-G\u00e4nge-Men\u00fc in unserem Hofcaf\u00e9 &amp; Restaurant Mehlkammer und tun Sie Gutes dabei: Die Erl\u00f6se der Veranstaltung werden u.a. f\u00fcr die Versch\u00f6nerung lokaler Kinderspielpl\u00e4tze und f\u00fcr soziale Projekte [&hellip;]<\/p>\n","protected":false},"author":4,"featured_media":840,"comment_status":"closed","ping_status":"closed","sticky":false,"template":"","format":"standard","meta":[],"categories":[2],"tags":[],"yoast_head":"<!-- This site is optimized with the Yoast SEO plugin v20.0 - https:\/\/yoast.com\/wordpress\/plugins\/seo\/ -->\n<title>Runde Sache! \u2013 F\u00fcnf-G\u00e4nge-Men\u00fc -<\/title>\n<meta name=\"robots\" content=\"index, follow, max-snippet:-1, max-image-preview:large, max-video-preview:-1\" \/>\n<link rel=\"canonical\" href=\"https:\/\/www.mehlkammer.de\/mehlkammer\/neuigkeiten\/runde-sache-fuenf-gaenge-menue-2\/\" \/>\n<meta property=\"og:locale\" content=\"de_DE\" \/>\n<meta property=\"og:type\" content=\"article\" \/>\n<meta property=\"og:title\" content=\"Runde Sache! \u2013 F\u00fcnf-G\u00e4nge-Men\u00fc -\" \/>\n<meta property=\"og:description\" content=\"Genie\u00dfen f\u00fcr den guten Zweck Genie\u00dfen Sie am Freitag, den 24. Januar 2020 um 18 Uhr oder am Samstag, den 25. Januar 2020 um 18 Uhr ein exklusives F\u00fcnf-G\u00e4nge-Men\u00fc in unserem Hofcaf\u00e9 &amp; Restaurant Mehlkammer und tun Sie Gutes dabei: Die Erl\u00f6se der Veranstaltung werden u.a. f\u00fcr die Versch\u00f6nerung lokaler Kinderspielpl\u00e4tze und f\u00fcr soziale Projekte [&hellip;]\" \/>\n<meta property=\"og:url\" content=\"https:\/\/www.mehlkammer.de\/mehlkammer\/neuigkeiten\/runde-sache-fuenf-gaenge-menue-2\/\" \/>\n<meta property=\"article:published_time\" content=\"2019-10-30T09:43:01+00:00\" \/>\n<meta property=\"article:modified_time\" content=\"2019-10-30T09:46:12+00:00\" \/>\n<meta property=\"og:image\" content=\"https:\/\/www.mehlkammer.de\/mehlkammer\/wp-content\/uploads\/2014\/10\/charity_1600x300.png\" \/>\n\t<meta property=\"og:image:width\" content=\"1600\" \/>\n\t<meta property=\"og:image:height\" content=\"300\" \/>\n\t<meta property=\"og:image:type\" content=\"image\/png\" \/>\n<meta name=\"author\" content=\"Familie Hogrefe\" \/>\n<meta name=\"twitter:label1\" content=\"Verfasst von\" \/>\n\t<meta name=\"twitter:data1\" content=\"Familie Hogrefe\" \/>\n<script type=\"application\/ld+json\" class=\"yoast-schema-graph\">{\"@context\":\"https:\/\/schema.org\",\"@graph\":[{\"@type\":\"WebPage\",\"@id\":\"https:\/\/www.mehlkammer.de\/mehlkammer\/neuigkeiten\/runde-sache-fuenf-gaenge-menue-2\/\",\"url\":\"https:\/\/www.mehlkammer.de\/mehlkammer\/neuigkeiten\/runde-sache-fuenf-gaenge-menue-2\/\",\"name\":\"Runde Sache! \u2013 F\u00fcnf-G\u00e4nge-Men\u00fc -\",\"isPartOf\":{\"@id\":\"https:\/\/www.mehlkammer.de\/mehlkammer\/#website\"},\"datePublished\":\"2019-10-30T09:43:01+00:00\",\"dateModified\":\"2019-10-30T09:46:12+00:00\",\"author\":{\"@id\":\"https:\/\/www.mehlkammer.de\/mehlkammer\/#\/schema\/person\/ad550d85177fb96fbe7acef4e4ee6209\"},\"breadcrumb\":{\"@id\":\"https:\/\/www.mehlkammer.de\/mehlkammer\/neuigkeiten\/runde-sache-fuenf-gaenge-menue-2\/#breadcrumb\"},\"inLanguage\":\"de\",\"potentialAction\":[{\"@type\":\"ReadAction\",\"target\":[\"https:\/\/www.mehlkammer.de\/mehlkammer\/neuigkeiten\/runde-sache-fuenf-gaenge-menue-2\/\"]}]},{\"@type\":\"BreadcrumbList\",\"@id\":\"https:\/\/www.mehlkammer.de\/mehlkammer\/neuigkeiten\/runde-sache-fuenf-gaenge-menue-2\/#breadcrumb\",\"itemListElement\":[{\"@type\":\"ListItem\",\"position\":1,\"name\":\"Home\",\"item\":\"https:\/\/www.mehlkammer.de\/mehlkammer\/\"},{\"@type\":\"ListItem\",\"position\":2,\"name\":\"Runde Sache! \u2013 F\u00fcnf-G\u00e4nge-Men\u00fc\"}]},{\"@type\":\"WebSite\",\"@id\":\"https:\/\/www.mehlkammer.de\/mehlkammer\/#website\",\"url\":\"https:\/\/www.mehlkammer.de\/mehlkammer\/\",\"name\":\"\",\"description\":\"\",\"potentialAction\":[{\"@type\":\"SearchAction\",\"target\":{\"@type\":\"EntryPoint\",\"urlTemplate\":\"https:\/\/www.mehlkammer.de\/mehlkammer\/?s={search_term_string}\"},\"query-input\":\"required name=search_term_string\"}],\"inLanguage\":\"de\"},{\"@type\":\"Person\",\"@id\":\"https:\/\/www.mehlkammer.de\/mehlkammer\/#\/schema\/person\/ad550d85177fb96fbe7acef4e4ee6209\",\"name\":\"Familie Hogrefe\",\"image\":{\"@type\":\"ImageObject\",\"inLanguage\":\"de\",\"@id\":\"https:\/\/www.mehlkammer.de\/mehlkammer\/#\/schema\/person\/image\/\",\"url\":\"https:\/\/secure.gravatar.com\/avatar\/240541dd336cd410b8a84d3edb5165c2?s=96&d=mm&r=g\",\"contentUrl\":\"https:\/\/secure.gravatar.com\/avatar\/240541dd336cd410b8a84d3edb5165c2?s=96&d=mm&r=g\",\"caption\":\"Familie Hogrefe\"},\"url\":\"https:\/\/www.mehlkammer.de\/mehlkammer\/author\/familie-hogrefe-1\/\"}]}<\/script>\n<!-- \/ Yoast SEO plugin. -->","yoast_head_json":{"title":"Runde Sache! \u2013 F\u00fcnf-G\u00e4nge-Men\u00fc -","robots":{"index":"index","follow":"follow","max-snippet":"max-snippet:-1","max-image-preview":"max-image-preview:large","max-video-preview":"max-video-preview:-1"},"canonical":"https:\/\/www.mehlkammer.de\/mehlkammer\/neuigkeiten\/runde-sache-fuenf-gaenge-menue-2\/","og_locale":"de_DE","og_type":"article","og_title":"Runde Sache! \u2013 F\u00fcnf-G\u00e4nge-Men\u00fc -","og_description":"Genie\u00dfen f\u00fcr den guten Zweck Genie\u00dfen Sie am Freitag, den 24. Januar 2020 um 18 Uhr oder am Samstag, den 25. Januar 2020 um 18 Uhr ein exklusives F\u00fcnf-G\u00e4nge-Men\u00fc in unserem Hofcaf\u00e9 &amp; Restaurant Mehlkammer und tun Sie Gutes dabei: Die Erl\u00f6se der Veranstaltung werden u.a. f\u00fcr die Versch\u00f6nerung lokaler Kinderspielpl\u00e4tze und f\u00fcr soziale Projekte [&hellip;]","og_url":"https:\/\/www.mehlkammer.de\/mehlkammer\/neuigkeiten\/runde-sache-fuenf-gaenge-menue-2\/","article_published_time":"2019-10-30T09:43:01+00:00","article_modified_time":"2019-10-30T09:46:12+00:00","og_image":[{"width":1600,"height":300,"url":"https:\/\/www.mehlkammer.de\/mehlkammer\/wp-content\/uploads\/2014\/10\/charity_1600x300.png","type":"image\/png"}],"author":"Familie Hogrefe","twitter_misc":{"Verfasst von":"Familie Hogrefe"},"schema":{"@context":"https:\/\/schema.org","@graph":[{"@type":"WebPage","@id":"https:\/\/www.mehlkammer.de\/mehlkammer\/neuigkeiten\/runde-sache-fuenf-gaenge-menue-2\/","url":"https:\/\/www.mehlkammer.de\/mehlkammer\/neuigkeiten\/runde-sache-fuenf-gaenge-menue-2\/","name":"Runde Sache! \u2013 F\u00fcnf-G\u00e4nge-Men\u00fc -","isPartOf":{"@id":"https:\/\/www.mehlkammer.de\/mehlkammer\/#website"},"datePublished":"2019-10-30T09:43:01+00:00","dateModified":"2019-10-30T09:46:12+00:00","author":{"@id":"https:\/\/www.mehlkammer.de\/mehlkammer\/#\/schema\/person\/ad550d85177fb96fbe7acef4e4ee6209"},"breadcrumb":{"@id":"https:\/\/www.mehlkammer.de\/mehlkammer\/neuigkeiten\/runde-sache-fuenf-gaenge-menue-2\/#breadcrumb"},"inLanguage":"de","potentialAction":[{"@type":"ReadAction","target":["https:\/\/www.mehlkammer.de\/mehlkammer\/neuigkeiten\/runde-sache-fuenf-gaenge-menue-2\/"]}]},{"@type":"BreadcrumbList","@id":"https:\/\/www.mehlkammer.de\/mehlkammer\/neuigkeiten\/runde-sache-fuenf-gaenge-menue-2\/#breadcrumb","itemListElement":[{"@type":"ListItem","position":1,"name":"Home","item":"https:\/\/www.mehlkammer.de\/mehlkammer\/"},{"@type":"ListItem","position":2,"name":"Runde Sache! \u2013 F\u00fcnf-G\u00e4nge-Men\u00fc"}]},{"@type":"WebSite","@id":"https:\/\/www.mehlkammer.de\/mehlkammer\/#website","url":"https:\/\/www.mehlkammer.de\/mehlkammer\/","name":"","description":"","potentialAction":[{"@type":"SearchAction","target":{"@type":"EntryPoint","urlTemplate":"https:\/\/www.mehlkammer.de\/mehlkammer\/?s={search_term_string}"},"query-input":"required name=search_term_string"}],"inLanguage":"de"},{"@type":"Person","@id":"https:\/\/www.mehlkammer.de\/mehlkammer\/#\/schema\/person\/ad550d85177fb96fbe7acef4e4ee6209","name":"Familie Hogrefe","image":{"@type":"ImageObject","inLanguage":"de","@id":"https:\/\/www.mehlkammer.de\/mehlkammer\/#\/schema\/person\/image\/","url":"https:\/\/secure.gravatar.com\/avatar\/240541dd336cd410b8a84d3edb5165c2?s=96&d=mm&r=g","contentUrl":"https:\/\/secure.gravatar.com\/avatar\/240541dd336cd410b8a84d3edb5165c2?s=96&d=mm&r=g","caption":"Familie Hogrefe"},"url":"https:\/\/www.mehlkammer.de\/mehlkammer\/author\/familie-hogrefe-1\/"}]}},"_links":{"self":[{"href":"https:\/\/www.mehlkammer.de\/mehlkammer\/wp-json\/wp\/v2\/posts\/1686"}],"collection":[{"href":"https:\/\/www.mehlkammer.de\/mehlkammer\/wp-json\/wp\/v2\/posts"}],"about":[{"href":"https:\/\/www.mehlkammer.de\/mehlkammer\/wp-json\/wp\/v2\/types\/post"}],"author":[{"embeddable":true,"href":"https:\/\/www.mehlkammer.de\/mehlkammer\/wp-json\/wp\/v2\/users\/4"}],"replies":[{"embeddable":true,"href":"https:\/\/www.mehlkammer.de\/mehlkammer\/wp-json\/wp\/v2\/comments?post=1686"}],"version-history":[{"count":5,"href":"https:\/\/www.mehlkammer.de\/mehlkammer\/wp-json\/wp\/v2\/posts\/1686\/revisions"}],"predecessor-version":[{"id":1692,"href":"https:\/\/www.mehlkammer.de\/mehlkammer\/wp-json\/wp\/v2\/posts\/1686\/revisions\/1692"}],"wp:featuredmedia":[{"embeddable":true,"href":"https:\/\/www.mehlkammer.de\/mehlkammer\/wp-json\/wp\/v2\/media\/840"}],"wp:attachment":[{"href":"https:\/\/www.mehlkammer.de\/mehlkammer\/wp-json\/wp\/v2\/media?parent=1686"}],"wp:term":[{"taxonomy":"category","embeddable":true,"href":"https:\/\/www.mehlkammer.de\/mehlkammer\/wp-json\/wp\/v2\/categories?post=1686"},{"taxonomy":"post_tag","embeddable":true,"href":"https:\/\/www.mehlkammer.de\/mehlkammer\/wp-json\/wp\/v2\/tags?post=1686"}],"curies":[{"name":"wp","href":"https:\/\/api.w.org\/{rel}","templated":true}]}}