{"id":709,"date":"2009-11-21T10:33:33","date_gmt":"2009-11-21T08:33:33","guid":{"rendered":"http:\/\/www.mehlkammer.de\/mehlkammer\/?p=709"},"modified":"2014-03-14T11:51:50","modified_gmt":"2014-03-14T09:51:50","slug":"walsroder-zeitung-auszuege","status":"publish","type":"post","link":"https:\/\/www.mehlkammer.de\/mehlkammer\/neuigkeiten\/walsroder-zeitung-auszuege\/","title":{"rendered":"Ausz\u00fcge der Walsroder Zeitung"},"content":{"rendered":"<p>Es gibt bereits zahlreiche Berichte der Walsroder Zeitung \u00fcber die Mehlkammer &#8211; Hofcaf\u00e9 &amp; Restaurant und unseren hofeigenen Anbau in Eickeloh!<\/p>\n<p><!--more--><\/p>\n\n\t\t<style type=\"text\/css\">\n\t\t\t#gallery-1 {\n\t\t\t\tmargin: auto;\n\t\t\t}\n\t\t\t#gallery-1 .gallery-item {\n\t\t\t\tfloat: left;\n\t\t\t\tmargin-top: 10px;\n\t\t\t\ttext-align: center;\n\t\t\t\twidth: 100%;\n\t\t\t}\n\t\t\t#gallery-1 img {\n\t\t\t\tborder: 2px solid #cfcfcf;\n\t\t\t}\n\t\t\t#gallery-1 .gallery-caption {\n\t\t\t\tmargin-left: 0;\n\t\t\t}\n\t\t\t\/* see gallery_shortcode() in wp-includes\/media.php *\/\n\t\t<\/style>\n\t\t<div id='gallery-1' class='gallery galleryid-709 gallery-columns-1 gallery-size-thumbnail'><dl class='gallery-item'>\n\t\t\t<dt class='gallery-icon landscape'>\n\t\t\t\t<a href='https:\/\/www.mehlkammer.de\/mehlkammer\/wp-content\/uploads\/2014\/03\/blog2_8_12_12.png'><img width=\"150\" height=\"150\" src=\"https:\/\/www.mehlkammer.de\/mehlkammer\/wp-content\/uploads\/2014\/03\/blog2_8_12_12-150x150.png\" class=\"attachment-thumbnail size-thumbnail\" alt=\"\" loading=\"lazy\" aria-describedby=\"gallery-1-727\" \/><\/a>\n\t\t\t<\/dt>\n\t\t\t\t<dd class='wp-caption-text gallery-caption' id='gallery-1-727'>\n\t\t\t\t&#8222;Schrumpfkur&#8220; f\u00fcr den Deelenmarkt (8. Dezember 2012)\n\t\t\t\t<\/dd><\/dl><br style=\"clear: both\" \/><dl class='gallery-item'>\n\t\t\t<dt class='gallery-icon landscape'>\n\t\t\t\t<a href='https:\/\/www.mehlkammer.de\/mehlkammer\/wp-content\/uploads\/2014\/03\/blog3_22_1_11.png'><img width=\"150\" height=\"150\" src=\"https:\/\/www.mehlkammer.de\/mehlkammer\/wp-content\/uploads\/2014\/03\/blog3_22_1_11-150x150.png\" class=\"attachment-thumbnail size-thumbnail\" alt=\"\" loading=\"lazy\" aria-describedby=\"gallery-1-718\" \/><\/a>\n\t\t\t<\/dt>\n\t\t\t\t<dd class='wp-caption-text gallery-caption' id='gallery-1-718'>\n\t\t\t\tKapla-Bauh\u00f6lzer f\u00fcr Kinder (22. Januar 2011)\n\t\t\t\t<\/dd><\/dl><br style=\"clear: both\" \/><dl class='gallery-item'>\n\t\t\t<dt class='gallery-icon landscape'>\n\t\t\t\t<a href='https:\/\/www.mehlkammer.de\/mehlkammer\/wp-content\/uploads\/2014\/03\/blog1_11_11_11.png'><img width=\"150\" height=\"150\" src=\"https:\/\/www.mehlkammer.de\/mehlkammer\/wp-content\/uploads\/2014\/03\/blog1_11_11_11-150x150.png\" class=\"attachment-thumbnail size-thumbnail\" alt=\"\" loading=\"lazy\" aria-describedby=\"gallery-1-724\" \/><\/a>\n\t\t\t<\/dt>\n\t\t\t\t<dd class='wp-caption-text gallery-caption' id='gallery-1-724'>\n\t\t\t\tZwischen Spargel und Weihnachtsdeko (11. November 2011)\n\t\t\t\t<\/dd><\/dl><br style=\"clear: both\" \/><dl class='gallery-item'>\n\t\t\t<dt class='gallery-icon portrait'>\n\t\t\t\t<a href='https:\/\/www.mehlkammer.de\/mehlkammer\/wp-content\/uploads\/2014\/03\/blog5_12_11_10.png'><img width=\"150\" height=\"150\" src=\"https:\/\/www.mehlkammer.de\/mehlkammer\/wp-content\/uploads\/2014\/03\/blog5_12_11_10-150x150.png\" class=\"attachment-thumbnail size-thumbnail\" alt=\"\" loading=\"lazy\" aria-describedby=\"gallery-1-715\" \/><\/a>\n\t\t\t<\/dt>\n\t\t\t\t<dd class='wp-caption-text gallery-caption' id='gallery-1-715'>\n\t\t\t\tLandwirtschaft als Basis f\u00fcr Hof-Konzept (12. November 2010)\n\t\t\t\t<\/dd><\/dl><br style=\"clear: both\" \/><dl class='gallery-item'>\n\t\t\t<dt class='gallery-icon landscape'>\n\t\t\t\t<a href='https:\/\/www.mehlkammer.de\/mehlkammer\/wp-content\/uploads\/2014\/03\/blog4_21_11_09.png'><img width=\"150\" height=\"150\" src=\"https:\/\/www.mehlkammer.de\/mehlkammer\/wp-content\/uploads\/2014\/03\/blog4_21_11_09-150x150.png\" class=\"attachment-thumbnail size-thumbnail\" alt=\"\" loading=\"lazy\" aria-describedby=\"gallery-1-710\" \/><\/a>\n\t\t\t<\/dt>\n\t\t\t\t<dd class='wp-caption-text gallery-caption' id='gallery-1-710'>\n\t\t\t\tWeihnachtliches auf der Diele ( 21. November 2009)\n\t\t\t\t<\/dd><\/dl><br style=\"clear: both\" \/>\n\t\t<\/div>\n\n","protected":false},"excerpt":{"rendered":"<p>Es gibt bereits zahlreiche Berichte der Walsroder Zeitung \u00fcber die Mehlkammer &#8211; Hofcaf\u00e9 &amp; Restaurant und unseren hofeigenen Anbau in Eickeloh!<\/p>\n","protected":false},"author":4,"featured_media":0,"comment_status":"open","ping_status":"open","sticky":false,"template":"","format":"standard","meta":[],"categories":[2],"tags":[],"yoast_head":"<!-- This site is optimized with the Yoast SEO plugin v20.0 - https:\/\/yoast.com\/wordpress\/plugins\/seo\/ -->\n<title>Ausz\u00fcge der Walsroder Zeitung -<\/title>\n<meta name=\"robots\" content=\"index, follow, max-snippet:-1, max-image-preview:large, max-video-preview:-1\" \/>\n<link rel=\"canonical\" href=\"https:\/\/www.mehlkammer.de\/mehlkammer\/neuigkeiten\/walsroder-zeitung-auszuege\/\" \/>\n<meta property=\"og:locale\" content=\"de_DE\" \/>\n<meta property=\"og:type\" content=\"article\" \/>\n<meta property=\"og:title\" content=\"Ausz\u00fcge der Walsroder Zeitung -\" \/>\n<meta property=\"og:description\" content=\"Es gibt bereits zahlreiche Berichte der Walsroder Zeitung \u00fcber die Mehlkammer &#8211; Hofcaf\u00e9 &amp; Restaurant und unseren hofeigenen Anbau in Eickeloh!\" \/>\n<meta property=\"og:url\" content=\"https:\/\/www.mehlkammer.de\/mehlkammer\/neuigkeiten\/walsroder-zeitung-auszuege\/\" \/>\n<meta property=\"article:published_time\" content=\"2009-11-21T08:33:33+00:00\" \/>\n<meta property=\"article:modified_time\" content=\"2014-03-14T09:51:50+00:00\" \/>\n<meta property=\"og:image\" content=\"https:\/\/www.mehlkammer.de\/mehlkammer\/wp-content\/uploads\/2014\/03\/blog2_8_12_12-150x150.png\" \/>\n<meta name=\"author\" content=\"Familie Hogrefe\" \/>\n<meta name=\"twitter:label1\" content=\"Verfasst von\" \/>\n\t<meta name=\"twitter:data1\" content=\"Familie Hogrefe\" \/>\n<script type=\"application\/ld+json\" class=\"yoast-schema-graph\">{\"@context\":\"https:\/\/schema.org\",\"@graph\":[{\"@type\":\"WebPage\",\"@id\":\"https:\/\/www.mehlkammer.de\/mehlkammer\/neuigkeiten\/walsroder-zeitung-auszuege\/\",\"url\":\"https:\/\/www.mehlkammer.de\/mehlkammer\/neuigkeiten\/walsroder-zeitung-auszuege\/\",\"name\":\"Ausz\u00fcge der Walsroder Zeitung -\",\"isPartOf\":{\"@id\":\"https:\/\/www.mehlkammer.de\/mehlkammer\/#website\"},\"datePublished\":\"2009-11-21T08:33:33+00:00\",\"dateModified\":\"2014-03-14T09:51:50+00:00\",\"author\":{\"@id\":\"https:\/\/www.mehlkammer.de\/mehlkammer\/#\/schema\/person\/ad550d85177fb96fbe7acef4e4ee6209\"},\"breadcrumb\":{\"@id\":\"https:\/\/www.mehlkammer.de\/mehlkammer\/neuigkeiten\/walsroder-zeitung-auszuege\/#breadcrumb\"},\"inLanguage\":\"de\",\"potentialAction\":[{\"@type\":\"ReadAction\",\"target\":[\"https:\/\/www.mehlkammer.de\/mehlkammer\/neuigkeiten\/walsroder-zeitung-auszuege\/\"]}]},{\"@type\":\"BreadcrumbList\",\"@id\":\"https:\/\/www.mehlkammer.de\/mehlkammer\/neuigkeiten\/walsroder-zeitung-auszuege\/#breadcrumb\",\"itemListElement\":[{\"@type\":\"ListItem\",\"position\":1,\"name\":\"Home\",\"item\":\"https:\/\/www.mehlkammer.de\/mehlkammer\/\"},{\"@type\":\"ListItem\",\"position\":2,\"name\":\"Ausz\u00fcge der Walsroder Zeitung\"}]},{\"@type\":\"WebSite\",\"@id\":\"https:\/\/www.mehlkammer.de\/mehlkammer\/#website\",\"url\":\"https:\/\/www.mehlkammer.de\/mehlkammer\/\",\"name\":\"\",\"description\":\"\",\"potentialAction\":[{\"@type\":\"SearchAction\",\"target\":{\"@type\":\"EntryPoint\",\"urlTemplate\":\"https:\/\/www.mehlkammer.de\/mehlkammer\/?s={search_term_string}\"},\"query-input\":\"required name=search_term_string\"}],\"inLanguage\":\"de\"},{\"@type\":\"Person\",\"@id\":\"https:\/\/www.mehlkammer.de\/mehlkammer\/#\/schema\/person\/ad550d85177fb96fbe7acef4e4ee6209\",\"name\":\"Familie Hogrefe\",\"image\":{\"@type\":\"ImageObject\",\"inLanguage\":\"de\",\"@id\":\"https:\/\/www.mehlkammer.de\/mehlkammer\/#\/schema\/person\/image\/\",\"url\":\"https:\/\/secure.gravatar.com\/avatar\/240541dd336cd410b8a84d3edb5165c2?s=96&d=mm&r=g\",\"contentUrl\":\"https:\/\/secure.gravatar.com\/avatar\/240541dd336cd410b8a84d3edb5165c2?s=96&d=mm&r=g\",\"caption\":\"Familie Hogrefe\"},\"url\":\"https:\/\/www.mehlkammer.de\/mehlkammer\/author\/familie-hogrefe-1\/\"}]}<\/script>\n<!-- \/ Yoast SEO plugin. -->","yoast_head_json":{"title":"Ausz\u00fcge der Walsroder Zeitung -","robots":{"index":"index","follow":"follow","max-snippet":"max-snippet:-1","max-image-preview":"max-image-preview:large","max-video-preview":"max-video-preview:-1"},"canonical":"https:\/\/www.mehlkammer.de\/mehlkammer\/neuigkeiten\/walsroder-zeitung-auszuege\/","og_locale":"de_DE","og_type":"article","og_title":"Ausz\u00fcge der Walsroder Zeitung -","og_description":"Es gibt bereits zahlreiche Berichte der Walsroder Zeitung \u00fcber die Mehlkammer &#8211; Hofcaf\u00e9 &amp; Restaurant und unseren hofeigenen Anbau in Eickeloh!","og_url":"https:\/\/www.mehlkammer.de\/mehlkammer\/neuigkeiten\/walsroder-zeitung-auszuege\/","article_published_time":"2009-11-21T08:33:33+00:00","article_modified_time":"2014-03-14T09:51:50+00:00","og_image":[{"url":"https:\/\/www.mehlkammer.de\/mehlkammer\/wp-content\/uploads\/2014\/03\/blog2_8_12_12-150x150.png"}],"author":"Familie Hogrefe","twitter_misc":{"Verfasst von":"Familie Hogrefe"},"schema":{"@context":"https:\/\/schema.org","@graph":[{"@type":"WebPage","@id":"https:\/\/www.mehlkammer.de\/mehlkammer\/neuigkeiten\/walsroder-zeitung-auszuege\/","url":"https:\/\/www.mehlkammer.de\/mehlkammer\/neuigkeiten\/walsroder-zeitung-auszuege\/","name":"Ausz\u00fcge der Walsroder Zeitung -","isPartOf":{"@id":"https:\/\/www.mehlkammer.de\/mehlkammer\/#website"},"datePublished":"2009-11-21T08:33:33+00:00","dateModified":"2014-03-14T09:51:50+00:00","author":{"@id":"https:\/\/www.mehlkammer.de\/mehlkammer\/#\/schema\/person\/ad550d85177fb96fbe7acef4e4ee6209"},"breadcrumb":{"@id":"https:\/\/www.mehlkammer.de\/mehlkammer\/neuigkeiten\/walsroder-zeitung-auszuege\/#breadcrumb"},"inLanguage":"de","potentialAction":[{"@type":"ReadAction","target":["https:\/\/www.mehlkammer.de\/mehlkammer\/neuigkeiten\/walsroder-zeitung-auszuege\/"]}]},{"@type":"BreadcrumbList","@id":"https:\/\/www.mehlkammer.de\/mehlkammer\/neuigkeiten\/walsroder-zeitung-auszuege\/#breadcrumb","itemListElement":[{"@type":"ListItem","position":1,"name":"Home","item":"https:\/\/www.mehlkammer.de\/mehlkammer\/"},{"@type":"ListItem","position":2,"name":"Ausz\u00fcge der Walsroder Zeitung"}]},{"@type":"WebSite","@id":"https:\/\/www.mehlkammer.de\/mehlkammer\/#website","url":"https:\/\/www.mehlkammer.de\/mehlkammer\/","name":"","description":"","potentialAction":[{"@type":"SearchAction","target":{"@type":"EntryPoint","urlTemplate":"https:\/\/www.mehlkammer.de\/mehlkammer\/?s={search_term_string}"},"query-input":"required name=search_term_string"}],"inLanguage":"de"},{"@type":"Person","@id":"https:\/\/www.mehlkammer.de\/mehlkammer\/#\/schema\/person\/ad550d85177fb96fbe7acef4e4ee6209","name":"Familie Hogrefe","image":{"@type":"ImageObject","inLanguage":"de","@id":"https:\/\/www.mehlkammer.de\/mehlkammer\/#\/schema\/person\/image\/","url":"https:\/\/secure.gravatar.com\/avatar\/240541dd336cd410b8a84d3edb5165c2?s=96&d=mm&r=g","contentUrl":"https:\/\/secure.gravatar.com\/avatar\/240541dd336cd410b8a84d3edb5165c2?s=96&d=mm&r=g","caption":"Familie Hogrefe"},"url":"https:\/\/www.mehlkammer.de\/mehlkammer\/author\/familie-hogrefe-1\/"}]}},"_links":{"self":[{"href":"https:\/\/www.mehlkammer.de\/mehlkammer\/wp-json\/wp\/v2\/posts\/709"}],"collection":[{"href":"https:\/\/www.mehlkammer.de\/mehlkammer\/wp-json\/wp\/v2\/posts"}],"about":[{"href":"https:\/\/www.mehlkammer.de\/mehlkammer\/wp-json\/wp\/v2\/types\/post"}],"author":[{"embeddable":true,"href":"https:\/\/www.mehlkammer.de\/mehlkammer\/wp-json\/wp\/v2\/users\/4"}],"replies":[{"embeddable":true,"href":"https:\/\/www.mehlkammer.de\/mehlkammer\/wp-json\/wp\/v2\/comments?post=709"}],"version-history":[{"count":0,"href":"https:\/\/www.mehlkammer.de\/mehlkammer\/wp-json\/wp\/v2\/posts\/709\/revisions"}],"wp:attachment":[{"href":"https:\/\/www.mehlkammer.de\/mehlkammer\/wp-json\/wp\/v2\/media?parent=709"}],"wp:term":[{"taxonomy":"category","embeddable":true,"href":"https:\/\/www.mehlkammer.de\/mehlkammer\/wp-json\/wp\/v2\/categories?post=709"},{"taxonomy":"post_tag","embeddable":true,"href":"https:\/\/www.mehlkammer.de\/mehlkammer\/wp-json\/wp\/v2\/tags?post=709"}],"curies":[{"name":"wp","href":"https:\/\/api.w.org\/{rel}","templated":true}]}}